{"id":1308,"date":"2022-06-22T17:50:00","date_gmt":"2022-06-22T20:50:00","guid":{"rendered":"https:\/\/nitt.uepa.br\/?p=1308"},"modified":"2024-08-30T09:25:04","modified_gmt":"2024-08-30T12:25:04","slug":"cafe-empreendedor-01-ritu-uepa","status":"publish","type":"post","link":"https:\/\/nitt.uepa.br\/index.php\/2022\/06\/22\/cafe-empreendedor-01-ritu-uepa\/","title":{"rendered":"Caf\u00e9 Empreendedor RITU.UEPA"},"content":{"rendered":"\n<div class=\"wp-block-uagb-container uagb-block-8cf8c289 alignfull uagb-is-root-container\"><div class=\"uagb-container-inner-blocks-wrap\">\n<div class=\"wp-block-uagb-container uagb-block-132babdc\">\n<div class=\"wp-block-uagb-advanced-heading uagb-block-38ab4b92\"><h2 class=\"uagb-heading-text\">Caf\u00e9 Empreendedor:<\/h2><div class=\"uagb-separator\"><\/div><p class=\"uagb-desc-text\">O primeiro epis\u00f3dio do Caf\u00e9 Empreendedor RITU.Uepa abordou sobre Idea\u00e7\u00e3o, Inova\u00e7\u00e3o e Tecnologia em seu primeiro encontro no miniaudit\u00f3rio do CCNT, no dia 22 de junho.<\/p><\/div>\n<\/div>\n\n\n\n<div class=\"wp-block-uagb-container uagb-block-e49000d8\">\n<div class=\"wp-block-uagb-image uagb-block-59924eb2 wp-block-uagb-image--layout-default wp-block-uagb-image--effect-static wp-block-uagb-image--align-none\"><figure class=\"wp-block-uagb-image__figure\"><img decoding=\"async\" srcset=\"https:\/\/nitt.uepa.br\/wp-content\/uploads\/2022\/11\/20220622_170853-768x1024.jpg , https:\/\/nitt.uepa.br\/wp-content\/uploads\/2022\/11\/services-2.jpg 360w\" sizes=\"auto, (max-width: 480px) 150px\" src=\"https:\/\/nitt.uepa.br\/wp-content\/uploads\/2022\/11\/20220622_170853-768x1024.jpg\" alt=\"\" class=\"uag-image-1310\" width=\"768\" height=\"1024\" title=\"\" loading=\"lazy\"\/><\/figure><\/div>\n<\/div>\n<\/div><\/div>\n\n\n\n<blockquote class=\"wp-block-quote has-text-align-left is-layout-flow wp-block-quote-is-layout-flow\">\n<p>O Caf\u00e9 Empreendedor foi um momento de troca de experi\u00eancias entre a RITU, NITT e empreendedores locais, contando com o apoio da cafeteria @verocafeh fornecendo degusta\u00e7\u00f5es de seus variados tipos de caf\u00e9s. <\/p>\n\n\n\n<p>Na ocasi\u00e3o, a nossa coordenadora Geral do NITT, professora Ma. Brena Renata, esteve presente para compartilhar as principais a\u00e7\u00f5es do n\u00facleo e divulgar o portf\u00f3lio de tecnologias protegidas, al\u00e9m de tirar duvidas sobre propriedade intelectual.  <\/p>\n\n\n\n<p><em>&#8220;O coordenador da RITU.UEPA, Prof. Vitor Martins apresentou a incubadora e o modelo atual dos servi\u00e7os ofertados. Entre os demais parceiros convidados tivemos o empres\u00e1rio Paul Marcel, falando sobre idea\u00e7\u00e3o para inova\u00e7\u00e3o tecnol\u00f3gica e marketing. Em seguida, o CEO Luis Melo falando sobre os desafios de gerenciamento de startups e suas viv\u00eancias com a FarLab, startup voltada para o \u00e2mbito farmac\u00eautico. Contando ainda com a participa\u00e7\u00e3o especial da professora Ver\u00f4nica Nagata e sua turma de Empreendedorismo I, al\u00e9m de alunos de curso de com\u00e9rcio exterior, eng. de produ\u00e7\u00e3o, design. Foi um momento muito especial e engrandecedor.&#8221; <\/em><\/p>\n<cite>Fonte: RITU.Uepa e NITT.Uepa<\/cite><\/blockquote>\n\n\n\n<div class=\"wp-block-uagb-container uagb-block-312c8cdd alignfull uagb-is-root-container\"><div class=\"uagb-container-inner-blocks-wrap\">\n<div class=\"wp-block-uagb-container uagb-block-6d5e4137\">\n<div class=\"wp-block-uagb-image uagb-block-2fec218c wp-block-uagb-image--layout-default wp-block-uagb-image--effect-static wp-block-uagb-image--align-none\"><figure class=\"wp-block-uagb-image__figure\"><img decoding=\"async\" srcset=\"https:\/\/nitt.uepa.br\/wp-content\/uploads\/2022\/11\/20220622_165123-576x1024.jpg ,https:\/\/nitt.uepa.br\/wp-content\/uploads\/2022\/11\/20220622_165123-576x1024.jpg 780w\" sizes=\"auto, (max-width: 480px) 150px\" src=\"https:\/\/nitt.uepa.br\/wp-content\/uploads\/2022\/11\/20220622_165123-576x1024.jpg\" alt=\"\" class=\"uag-image-1311\" width=\"576\" height=\"1024\" title=\"\" loading=\"lazy\"\/><figcaption class=\"uagb-image-caption\">Caf\u00e9 Empreendedor 22\/06\/2022.<br>Fonte: RITU.<\/figcaption><\/figure><\/div>\n\n\n\n<div class=\"wp-block-uagb-image uagb-block-12e2ac2a wp-block-uagb-image--layout-default wp-block-uagb-image--effect-static wp-block-uagb-image--align-none\"><figure class=\"wp-block-uagb-image__figure\"><img decoding=\"async\" srcset=\"https:\/\/nitt.uepa.br\/wp-content\/uploads\/2022\/11\/20220622_183311-1024x768.jpg \" sizes=\"auto, (max-width: 480px) 150px\" src=\"https:\/\/nitt.uepa.br\/wp-content\/uploads\/2022\/11\/20220622_183311-1024x768.jpg\" alt=\"\" class=\"uag-image-1316\" width=\"1024\" height=\"768\" title=\"\" loading=\"lazy\"\/><figcaption class=\"uagb-image-caption\">Caf\u00e9 Empreendedor 22\/06\/2022.<br>Fonte: RITU.<\/figcaption><\/figure><\/div>\n<\/div>\n\n\n\n<div class=\"wp-block-uagb-container uagb-block-24d7f2b2\">\n<div class=\"wp-block-uagb-image uagb-block-ea674a91 wp-block-uagb-image--layout-default wp-block-uagb-image--effect-static wp-block-uagb-image--align-none\"><figure class=\"wp-block-uagb-image__figure\"><img decoding=\"async\" srcset=\"https:\/\/nitt.uepa.br\/wp-content\/uploads\/2022\/11\/20220622_164750-768x1024.jpg \" sizes=\"auto, (max-width: 480px) 150px\" src=\"https:\/\/nitt.uepa.br\/wp-content\/uploads\/2022\/11\/20220622_164750-768x1024.jpg\" alt=\"\" class=\"uag-image-1314\" width=\"768\" height=\"1024\" title=\"\" loading=\"lazy\"\/><figcaption class=\"uagb-image-caption\">Caf\u00e9 Empreendedor 22\/06\/2022.<br>Fonte: RITU.<\/figcaption><\/figure><\/div>\n\n\n\n<div class=\"wp-block-uagb-image uagb-block-8f28d5b6 wp-block-uagb-image--layout-default wp-block-uagb-image--effect-static wp-block-uagb-image--align-none\"><figure class=\"wp-block-uagb-image__figure\"><img decoding=\"async\" srcset=\"https:\/\/nitt.uepa.br\/wp-content\/uploads\/2022\/11\/20220622_171335-768x1024.jpg \" sizes=\"auto, (max-width: 480px) 150px\" src=\"https:\/\/nitt.uepa.br\/wp-content\/uploads\/2022\/11\/20220622_171335-768x1024.jpg\" alt=\"\" class=\"uag-image-1309\" width=\"768\" height=\"1024\" title=\"\" loading=\"lazy\"\/><figcaption class=\"uagb-image-caption\">Caf\u00e9 Empreendedor 22\/06\/2022.<br>Fonte: RITU.<\/figcaption><\/figure><\/div>\n<\/div>\n\n\n\n<div class=\"wp-block-uagb-container uagb-block-d1710e18\">\n<div class=\"wp-block-uagb-image uagb-block-ca7839e3 wp-block-uagb-image--layout-default wp-block-uagb-image--effect-static wp-block-uagb-image--align-none\"><figure class=\"wp-block-uagb-image__figure\"><img decoding=\"async\" srcset=\"https:\/\/nitt.uepa.br\/wp-content\/uploads\/2022\/11\/20220622_164752-768x1024.jpg \" sizes=\"auto, (max-width: 480px) 150px\" src=\"https:\/\/nitt.uepa.br\/wp-content\/uploads\/2022\/11\/20220622_164752-768x1024.jpg\" alt=\"\" class=\"uag-image-1313\" width=\"768\" height=\"1024\" title=\"\" loading=\"lazy\"\/><figcaption class=\"uagb-image-caption\">Caf\u00e9 Empreendedor 22\/06\/2022.<br>Fonte: RITU.<\/figcaption><\/figure><\/div>\n\n\n\n<div class=\"wp-block-uagb-image uagb-block-203f1e0d wp-block-uagb-image--layout-default wp-block-uagb-image--effect-static wp-block-uagb-image--align-none\"><figure class=\"wp-block-uagb-image__figure\"><img decoding=\"async\" srcset=\"https:\/\/nitt.uepa.br\/wp-content\/uploads\/2022\/11\/20220622_163958-768x1024.jpg \" sizes=\"auto, (max-width: 480px) 150px\" src=\"https:\/\/nitt.uepa.br\/wp-content\/uploads\/2022\/11\/20220622_163958-768x1024.jpg\" alt=\"\" class=\"uag-image-1312\" width=\"768\" height=\"1024\" title=\"\" loading=\"lazy\"\/><figcaption class=\"uagb-image-caption\">Caf\u00e9 Empreendedor 22\/06\/2022.<br>Fonte: RITU.<\/figcaption><\/figure><\/div>\n<\/div>\n<\/div><\/div>\n","protected":false},"excerpt":{"rendered":"<p>Caf\u00e9 Empreendedor: O primeiro epis\u00f3dio do Caf\u00e9 Empreendedor RITU.Uepa abordou sobre Idea\u00e7\u00e3o, Inova\u00e7\u00e3o e Tecnologia em seu primeiro encontro no miniaudit\u00f3rio do CCNT, no dia 22 de junho. O Caf\u00e9 Empreendedor foi um momento de troca de experi\u00eancias entre a RITU, NITT e empreendedores locais, contando com o apoio da cafeteria @verocafeh fornecendo degusta\u00e7\u00f5es de &hellip;<\/p>\n<p class=\"read-more\"> <a class=\"\" href=\"https:\/\/nitt.uepa.br\/index.php\/2022\/06\/22\/cafe-empreendedor-01-ritu-uepa\/\"> <span class=\"screen-reader-text\">Caf\u00e9 Empreendedor RITU.UEPA<\/span> Leia mais &raquo;<\/a><\/p>\n","protected":false},"author":5,"featured_media":1452,"comment_status":"open","ping_status":"open","sticky":false,"template":"","format":"standard","meta":{"_uag_custom_page_level_css":"","site-sidebar-layout":"default","site-content-layout":"","ast-site-content-layout":"default","site-content-style":"default","site-sidebar-style":"default","ast-global-header-display":"","ast-banner-title-visibility":"","ast-main-header-display":"","ast-hfb-above-header-display":"","ast-hfb-below-header-display":"","ast-hfb-mobile-header-display":"","site-post-title":"disabled","ast-breadcrumbs-content":"","ast-featured-img":"","footer-sml-layout":"","theme-transparent-header-meta":"","adv-header-id-meta":"","stick-header-meta":"","header-above-stick-meta":"","header-main-stick-meta":"","header-below-stick-meta":"","astra-migrate-meta-layouts":"set","ast-page-background-enabled":"default","ast-page-background-meta":{"desktop":{"background-color":"var(--ast-global-color-4)","background-image":"","background-repeat":"repeat","background-position":"center center","background-size":"auto","background-attachment":"scroll","background-type":"","background-media":"","overlay-type":"","overlay-color":"","overlay-gradient":""},"tablet":{"background-color":"","background-image":"","background-repeat":"repeat","background-position":"center center","background-size":"auto","background-attachment":"scroll","background-type":"","background-media":"","overlay-type":"","overlay-color":"","overlay-gradient":""},"mobile":{"background-color":"","background-image":"","background-repeat":"repeat","background-position":"center center","background-size":"auto","background-attachment":"scroll","background-type":"","background-media":"","overlay-type":"","overlay-color":"","overlay-gradient":""}},"ast-content-background-meta":{"desktop":{"background-color":"var(--ast-global-color-5)","background-image":"","background-repeat":"repeat","background-position":"center center","background-size":"auto","background-attachment":"scroll","background-type":"","background-media":"","overlay-type":"","overlay-color":"","overlay-gradient":""},"tablet":{"background-color":"var(--ast-global-color-5)","background-image":"","background-repeat":"repeat","background-position":"center center","background-size":"auto","background-attachment":"scroll","background-type":"","background-media":"","overlay-type":"","overlay-color":"","overlay-gradient":""},"mobile":{"background-color":"var(--ast-global-color-5)","background-image":"","background-repeat":"repeat","background-position":"center center","background-size":"auto","background-attachment":"scroll","background-type":"","background-media":"","overlay-type":"","overlay-color":"","overlay-gradient":""}},"footnotes":""},"categories":[5],"tags":[],"class_list":["post-1308","post","type-post","status-publish","format-standard","has-post-thumbnail","hentry","category-noticias"],"uagb_featured_image_src":{"full":["https:\/\/nitt.uepa.br\/wp-content\/uploads\/2022\/06\/cafe-empre-capa.png",1025,684,false],"thumbnail":["https:\/\/nitt.uepa.br\/wp-content\/uploads\/2022\/06\/cafe-empre-capa-150x150.png",150,150,true],"medium":["https:\/\/nitt.uepa.br\/wp-content\/uploads\/2022\/06\/cafe-empre-capa-300x200.png",300,200,true],"medium_large":["https:\/\/nitt.uepa.br\/wp-content\/uploads\/2022\/06\/cafe-empre-capa-768x512.png",768,512,true],"large":["https:\/\/nitt.uepa.br\/wp-content\/uploads\/2022\/06\/cafe-empre-capa.png",1024,683,false],"1536x1536":["https:\/\/nitt.uepa.br\/wp-content\/uploads\/2022\/06\/cafe-empre-capa.png",1025,684,false],"2048x2048":["https:\/\/nitt.uepa.br\/wp-content\/uploads\/2022\/06\/cafe-empre-capa.png",1025,684,false]},"uagb_author_info":{"display_name":"William Martinez","author_link":"https:\/\/nitt.uepa.br\/index.php\/author\/william-martinez\/"},"uagb_comment_info":7,"uagb_excerpt":"Caf\u00e9 Empreendedor: O primeiro epis\u00f3dio do Caf\u00e9 Empreendedor RITU.Uepa abordou sobre Idea\u00e7\u00e3o, Inova\u00e7\u00e3o e Tecnologia em seu primeiro encontro no miniaudit\u00f3rio do CCNT, no dia 22 de junho. O Caf\u00e9 Empreendedor foi um momento de troca de experi\u00eancias entre a RITU, NITT e empreendedores locais, contando com o apoio da cafeteria @verocafeh fornecendo degusta\u00e7\u00f5es de&hellip;","_links":{"self":[{"href":"https:\/\/nitt.uepa.br\/index.php\/wp-json\/wp\/v2\/posts\/1308","targetHints":{"allow":["GET"]}}],"collection":[{"href":"https:\/\/nitt.uepa.br\/index.php\/wp-json\/wp\/v2\/posts"}],"about":[{"href":"https:\/\/nitt.uepa.br\/index.php\/wp-json\/wp\/v2\/types\/post"}],"author":[{"embeddable":true,"href":"https:\/\/nitt.uepa.br\/index.php\/wp-json\/wp\/v2\/users\/5"}],"replies":[{"embeddable":true,"href":"https:\/\/nitt.uepa.br\/index.php\/wp-json\/wp\/v2\/comments?post=1308"}],"version-history":[{"count":6,"href":"https:\/\/nitt.uepa.br\/index.php\/wp-json\/wp\/v2\/posts\/1308\/revisions"}],"predecessor-version":[{"id":2400,"href":"https:\/\/nitt.uepa.br\/index.php\/wp-json\/wp\/v2\/posts\/1308\/revisions\/2400"}],"wp:featuredmedia":[{"embeddable":true,"href":"https:\/\/nitt.uepa.br\/index.php\/wp-json\/wp\/v2\/media\/1452"}],"wp:attachment":[{"href":"https:\/\/nitt.uepa.br\/index.php\/wp-json\/wp\/v2\/media?parent=1308"}],"wp:term":[{"taxonomy":"category","embeddable":true,"href":"https:\/\/nitt.uepa.br\/index.php\/wp-json\/wp\/v2\/categories?post=1308"},{"taxonomy":"post_tag","embeddable":true,"href":"https:\/\/nitt.uepa.br\/index.php\/wp-json\/wp\/v2\/tags?post=1308"}],"curies":[{"name":"wp","href":"https:\/\/api.w.org\/{rel}","templated":true}]}}